[{"@context":"https:\/\/schema.org\/","@type":"Article","@id":"https:\/\/www.pratesi.cz\/francie-a-u-vas-doma\/#Article","mainEntityOfPage":"https:\/\/www.pratesi.cz\/francie-a-u-vas-doma\/","headline":"Francie a u v\u00e1s doma?","name":"Francie a u v\u00e1s doma?","description":"Milujete Francii? A co Provence? Nebo v\u00e1m sta\u010d\u00ed jen v\u016fn\u011b levandule, kter\u00e1 tak omamn\u011b von\u00ed a dok\u00e1\u017ee ve v\u00e1s navodit klid, kter\u00fd nutn\u011b pot\u0159ebujete? Chcete si dom\u016f po\u0159\u00eddit kvalitn\u00ed n\u00e1bytek, kter\u00fd se bude vyj\u00edmat ve va\u0161\u00ed kuchyni? A co takov\u00fd p\u0159\u00edborn\u00edk, kter\u00fd je velice vkusn\u00fd a taky n\u011bco vydr\u017e\u00ed? Pro\u010d si mysl\u00edte, \u017ee d\u0159\u00edve m\u011bli lid\u00e9 a\u0165 u\u017e to byli konkr\u00e9tn\u011b na\u0161i rodi\u010de nebo prarodi\u010de n\u00e1bytek, kter\u00fd se d\u011bdil po generace? Bohu\u017eel tomu tak v dne\u0161n\u00ed dob\u011b nen\u00ed, proto\u017ee kdo chce kvalitn\u00ed n\u00e1bytek z masivu tak si mus\u00ed holt p\u0159iplatit, ale tato investice se mu velmi dob\u0159e vyplat\u00ed do budoucna. Pokud si vezmeme dne\u0161n\u00ed n\u00e1bytek, kter\u00fd je v\u011bt\u0161inou z d\u0159evot\u0159\u00edsky tak n\u00e1m m\u016f\u017ee vydr\u017eet rok nebo mo\u017en\u00e1 maxim\u00e1ln\u011b dva z\u00e1le\u017e\u00ed na tom jak s dan\u00fdm n\u00e1bytkem zach\u00e1z\u00edme. Proto mi vol\u00edme n\u00e1bytek z masivu, kter\u00fd d\u011blaj\u00ed na\u0161\u00ed odborn\u00edci a ka\u017ed\u00fd kousek je origin\u00e1lem, Proto u n\u00e1s nenajdete kopie! Ale kdo sh\u00e1n\u00ed nejen takov\u00e1 n\u00e1dhern\u00fd a vkusn\u00fd p\u0159\u00edborn\u00edk dom\u016f nebo i na svou chatu, tak si u n\u00e1s zajist\u00e9 vybere i t\u0159eba tradi\u010dn\u00ed selsk\u00fd n\u00e1bytek, kter\u00fd je dnes tak\u00e9 velmi obl\u00edben\u00fd. Nab\u00edz\u00edme i malovan\u00fd a barevn\u00fd n\u00e1bytek, st\u0159edomo\u0159sk\u00fd a rustik\u00e1ln\u00ed n\u00e1bytek nebo snad z\u00e1meck\u00fd a staro\u017eitn\u00fd n\u00e1bytek? Z\u00e1le\u017e\u00ed pouze a jen na v\u00e1s, jak\u00fd kousek vyberete. Nebo snad v\u00edte o n\u011bkom komu by se na\u0161e v\u00fdrobky l\u00edbili a je t\u0159eba i sb\u011bratelem, kter\u00fd se v tomto um\u011bn\u00ed vy\u017e\u00edv\u00e1? Tak mu ur\u010dit\u011b po\u0161lete nebo uka\u017ete na\u0161e webov\u00e9 str\u00e1nky, a rovnou si m\u016f\u017ee vybrat. A\u0165 u\u017e se jedn\u00e1 o komody, k\u0159esla, lavice, kredence a potravinky nebo tak\u00e9 stoly a stolky? V\u00fdb\u011br je opravdu velik\u00fd. Pokud si, ale st\u00e1le nev\u00edte rady, a pot\u0159ebujete se je\u0161t\u011b poradit tak ur\u010dit\u011b napi\u0161te a my v\u00e1m mile r\u00e1di pom\u016f\u017eeme vybrat ten spr\u00e1vn\u00fd kousek, kter\u00fd bude zdobit va\u0161e obydl\u00ed nebo i chatu, pop\u0159\u00edpad\u011b n\u011bco jin\u00e9ho. T\u011b\u0161\u00edme se na nov\u00e9 z\u00e1kazn\u00edky, kte\u0159\u00ed ocen\u00ed na\u0161i originalitu, a to \u017ee na\u0161e v\u00fdrobky vyr\u00e1b\u00edme s l\u00e1skou. Pokochat se m\u016f\u017ee opravdu ka\u017ed\u00fd, proto\u017ee m\u00e1me velmi dob\u0159e nafocen\u00e9 na\u0161e v\u00fdrobky, kter\u00e9 si m\u016f\u017eete samoz\u0159ejm\u011b detailn\u011b prohl\u00e9dnou, a pot\u00e9 doma i zm\u011b\u0159it kam by se v\u00e1m ve\u0161ly. A kdo bude m\u00edt n\u00e1\u0161 p\u0159\u00edborn\u00edk provence ten se ur\u010dit\u011b zal\u00edb\u00ed sv\u00fdm p\u0159\u00e1tel\u016fm. 4.5\/5 - (10 votes)","datePublished":"2021-11-12","dateModified":"2023-05-31","author":{"@type":"Person","@id":"https:\/\/www.pratesi.cz\/author\/devene\/#Person","name":"devene","url":"https:\/\/www.pratesi.cz\/author\/devene\/","identifier":1,"image":{"@type":"ImageObject","@id":"https:\/\/secure.gravatar.com\/avatar\/13dbcc20b7c05fcb5c4a6b0bee5a7107a0aae9238a83a4088a42d170780b2eca?s=96&d=mm&r=g","url":"https:\/\/secure.gravatar.com\/avatar\/13dbcc20b7c05fcb5c4a6b0bee5a7107a0aae9238a83a4088a42d170780b2eca?s=96&d=mm&r=g","height":96,"width":96}},"publisher":{"@type":"Organization","name":"pratesi.cz","logo":{"@type":"ImageObject","@id":"\/logo.png","url":"\/logo.png","width":600,"height":60}},"image":{"@type":"ImageObject","@id":"https:\/\/www.pratesi.cz\/wp-content\/uploads\/BC000066-1000x1000.jpg","url":"https:\/\/www.pratesi.cz\/wp-content\/uploads\/BC000066-1000x1000.jpg","height":0,"width":0},"url":"https:\/\/www.pratesi.cz\/francie-a-u-vas-doma\/","about":["Zbo\u017e\u00ed"],"wordCount":487,"articleBody":"      Milujete Francii? A co Provence? Nebo v\u00e1m sta\u010d\u00ed jen v\u016fn\u011b levandule, kter\u00e1 tak omamn\u011b von\u00ed a dok\u00e1\u017ee ve v\u00e1s navodit klid, kter\u00fd nutn\u011b pot\u0159ebujete? Chcete si dom\u016f po\u0159\u00eddit kvalitn\u00ed n\u00e1bytek, kter\u00fd se bude vyj\u00edmat ve va\u0161\u00ed kuchyni? A co takov\u00fd p\u0159\u00edborn\u00edk, kter\u00fd je velice vkusn\u00fd a taky n\u011bco vydr\u017e\u00ed? Pro\u010d si mysl\u00edte, \u017ee d\u0159\u00edve m\u011bli lid\u00e9 a\u0165 u\u017e to byli konkr\u00e9tn\u011b na\u0161i rodi\u010de nebo prarodi\u010de n\u00e1bytek, kter\u00fd se d\u011bdil po generace? Bohu\u017eel tomu tak v dne\u0161n\u00ed dob\u011b nen\u00ed, proto\u017ee kdo chce kvalitn\u00ed n\u00e1bytek z masivu tak si mus\u00ed holt p\u0159iplatit, ale tato investice se mu velmi dob\u0159e vyplat\u00ed do budoucna.Pokud si vezmeme dne\u0161n\u00ed n\u00e1bytek, kter\u00fd je v\u011bt\u0161inou z d\u0159evot\u0159\u00edsky tak n\u00e1m m\u016f\u017ee vydr\u017eet rok nebo mo\u017en\u00e1 maxim\u00e1ln\u011b dva z\u00e1le\u017e\u00ed na tom jak s dan\u00fdm n\u00e1bytkem zach\u00e1z\u00edme. Proto mi vol\u00edme n\u00e1bytek z masivu, kter\u00fd d\u011blaj\u00ed na\u0161\u00ed odborn\u00edci a ka\u017ed\u00fd kousek je origin\u00e1lem, Proto u n\u00e1s nenajdete kopie! Ale kdo sh\u00e1n\u00ed nejen takov\u00e1 n\u00e1dhern\u00fd a vkusn\u00fd p\u0159\u00edborn\u00edk dom\u016f nebo i na svou chatu, tak si u n\u00e1s zajist\u00e9 vybere i t\u0159eba tradi\u010dn\u00ed selsk\u00fd n\u00e1bytek, kter\u00fd je dnes tak\u00e9 velmi obl\u00edben\u00fd. Nab\u00edz\u00edme i malovan\u00fd a barevn\u00fd n\u00e1bytek, st\u0159edomo\u0159sk\u00fd a rustik\u00e1ln\u00ed n\u00e1bytek nebo snad z\u00e1meck\u00fd a staro\u017eitn\u00fd n\u00e1bytek? Z\u00e1le\u017e\u00ed pouze a jen na v\u00e1s, jak\u00fd kousek vyberete. Nebo snad v\u00edte o n\u011bkom komu by se na\u0161e v\u00fdrobky l\u00edbili a je t\u0159eba i sb\u011bratelem, kter\u00fd se v tomto um\u011bn\u00ed vy\u017e\u00edv\u00e1? Tak mu ur\u010dit\u011b po\u0161lete nebo uka\u017ete na\u0161e webov\u00e9 str\u00e1nky, a rovnou si m\u016f\u017ee vybrat. A\u0165 u\u017e se jedn\u00e1 o komody, k\u0159esla, lavice, kredence a potravinky nebo tak\u00e9 stoly a stolky? V\u00fdb\u011br je opravdu velik\u00fd.Pokud si, ale st\u00e1le nev\u00edte rady, a pot\u0159ebujete se je\u0161t\u011b poradit tak ur\u010dit\u011b napi\u0161te a my v\u00e1m mile r\u00e1di pom\u016f\u017eeme vybrat ten spr\u00e1vn\u00fd kousek, kter\u00fd bude zdobit va\u0161e obydl\u00ed nebo i chatu, pop\u0159\u00edpad\u011b n\u011bco jin\u00e9ho. T\u011b\u0161\u00edme se na nov\u00e9 z\u00e1kazn\u00edky, kte\u0159\u00ed ocen\u00ed na\u0161i originalitu, a to \u017ee na\u0161e v\u00fdrobky vyr\u00e1b\u00edme s l\u00e1skou. Pokochat se m\u016f\u017ee opravdu ka\u017ed\u00fd, proto\u017ee m\u00e1me velmi dob\u0159e nafocen\u00e9 na\u0161e v\u00fdrobky, kter\u00e9 si m\u016f\u017eete samoz\u0159ejm\u011b detailn\u011b prohl\u00e9dnou, a pot\u00e9 doma i zm\u011b\u0159it kam by se v\u00e1m ve\u0161ly. A kdo bude m\u00edt n\u00e1\u0161 p\u0159\u00edborn\u00edk provence ten se ur\u010dit\u011b zal\u00edb\u00ed sv\u00fdm p\u0159\u00e1tel\u016fm.                                                                                                                                                                                                                                                                                                                                                                                           4.5\/5 - (10 votes)        "},{"@context":"https:\/\/schema.org\/","@type":"BreadcrumbList","itemListElement":[{"@type":"ListItem","position":1,"name":"Francie a u v\u00e1s doma?","item":"https:\/\/www.pratesi.cz\/francie-a-u-vas-doma\/#breadcrumbitem"}]}]