[{"@context":"https:\/\/schema.org\/","@type":"Article","@id":"https:\/\/www.pratesi.cz\/jde-prumysl-a-bytove-domy-vubec-dohromady\/#Article","mainEntityOfPage":"https:\/\/www.pratesi.cz\/jde-prumysl-a-bytove-domy-vubec-dohromady\/","headline":"Jde pr\u016fmysl a bytov\u00e9 domy v\u016fbec dohromady?","name":"Jde pr\u016fmysl a bytov\u00e9 domy v\u016fbec dohromady?","description":"Lid\u00e9 k \u017eivotu pot\u0159ebuj\u00ed nejen bydlen\u00ed, ale tak\u00e9 pr\u00e1ci. S jej\u00ed pomoc\u00ed vyd\u011bl\u00e1vaj\u00ed pen\u00edze, za kter\u00e9 si mohou obstarat \u0159e\u010den\u00e9 bydlen\u00ed, ale tak\u00e9 j\u00eddlo a dal\u0161\u00ed nezbytnosti. P\u0159\u00edpadn\u011b si ob\u010das mohou dovolit i trochu luxusu. Zde je ov\u0161em ot\u00e1zka \u2013 jak lze zkombinovat pr\u016fmysl a bytov\u00e9 domy Altoma.cz? Proto\u017ee pr\u016fmysl d\u00e1v\u00e1 lidem pr\u00e1ci, a domy bydlen\u00ed. Jdou ale dohromady? V\u0161ichni v\u00edme, \u017ee bydlen\u00ed v pr\u016fmyslov\u00fdch oblastech nen\u00ed zrovna nejp\u0159\u00edjemn\u011bj\u0161\u00ed. Nejen\u017ee je zde podstatn\u011b v\u00edce zne\u010di\u0161t\u011bn\u00e9 ovzdu\u0161\u00ed, ale d\u00edky neust\u00e1l\u00e9mu provozu je tu i neust\u00e1vaj\u00edc\u00ed hluk, co\u017e rozhodn\u011b nep\u0159isp\u00edv\u00e1 kvalit\u011b sp\u00e1nku. Zd\u00e1lo by se tedy, \u017ee tyto dv\u011b v\u011bci nejdou p\u0159\u00edli\u0161 dohromady. \u0158e\u0161en\u00edm samoz\u0159ejm\u011b je, aby ob\u011b oblasti byly v jin\u00e9 \u010d\u00e1sti m\u011bsta \u2013 a mnohde vid\u00edme, \u017ee se to i d\u011bje, nebo\u0165 m\u011bsta jsou \u010dasto rozd\u011blena na obytn\u00e9 a pr\u016fmyslov\u00e9 z\u00f3ny. Ani to ov\u0161em nen\u00ed ide\u00e1ln\u00ed, nebo\u0165 to pak zam\u011bstnanci maj\u00ed do pr\u00e1ce mnohem d\u00e1le, co\u017e tak\u00e9 nen\u00ed dobr\u00e9. Tr\u00e1v\u00ed zbyte\u010dn\u011b \u010das na cest\u00e1ch, nehled\u011b na to, \u017ee na nich mohou nabrat zpo\u017ed\u011bn\u00ed. Samoz\u0159ejm\u011b se \u0159e\u0161\u00ed i tento probl\u00e9m. Mnoh\u00e9 provozy maj\u00ed ve sv\u00e9 bl\u00edzkosti ubytovny, co\u017e je n\u011bco, s \u010d\u00edm v podstat\u011b za\u010dal ji\u017e Henry Ford. Tak jsou zam\u011bstnanci v\u017edy v dosahu a nemaj\u00ed to do zam\u011bstn\u00e1n\u00ed daleko. To tak\u00e9 znamen\u00e1, \u017ee mohou d\u00e9le sp\u00e1t a doraz\u00ed tak do pr\u00e1ce \u010dilej\u0161\u00ed. Ov\u0161em kvalita t\u011bchto ubytoven neb\u00fdv\u00e1 v na\u0161ich zem\u00edch zrovna nejlep\u0161\u00ed. Zat\u00edmco Henry Ford stav\u011bl v podstat\u011b m\u011bste\u010dka, kdy ka\u017ed\u00e1 rodina zam\u011bstnance m\u011bla vlastn\u00ed d\u016fm (a pamatujme, \u017eeny tehdy obvykle do pr\u00e1ce nechodily, m\u00edsto toho se staraly o dom\u00e1cnost), u n\u00e1s m\u00e1me podstatn\u011b levn\u011bj\u0161\u00ed \u0159e\u0161en\u00ed \u2013 ka\u017ed\u00fd \u010dlov\u011bk m\u00e1 p\u0159id\u011blen jeden pokoj, v n\u011bkter\u00fdch p\u0159\u00edpadech jsou na pokoji i dva lid\u00e9. Samoz\u0159ejm\u011b, a\u010dkoliv toto \u0159e\u0161en\u00ed nen\u00ed ani zdaleka ide\u00e1ln\u00ed, je hojn\u011b vyu\u017e\u00edv\u00e1no. Je to p\u0159edev\u0161\u00edm proto, \u017ee ceny bydlen\u00ed jsou dnes skute\u010dn\u011b velk\u00e9, a naopak bydlen\u00ed na firemn\u00edch ubytovn\u00e1ch levn\u00e9. \u010casto je to tak jedin\u00e1 mo\u017enost, kterou tito lid\u00e9, zvl\u00e1\u0161t\u011b v d\u011blnick\u00fdch profes\u00edch, maj\u00ed. 3.5\/5 - (8 votes)","datePublished":"2025-02-11","dateModified":"2025-02-11","author":{"@type":"Person","@id":"https:\/\/www.pratesi.cz\/author\/devene\/#Person","name":"devene","url":"https:\/\/www.pratesi.cz\/author\/devene\/","identifier":1,"image":{"@type":"ImageObject","@id":"https:\/\/secure.gravatar.com\/avatar\/13dbcc20b7c05fcb5c4a6b0bee5a7107a0aae9238a83a4088a42d170780b2eca?s=96&d=mm&r=g","url":"https:\/\/secure.gravatar.com\/avatar\/13dbcc20b7c05fcb5c4a6b0bee5a7107a0aae9238a83a4088a42d170780b2eca?s=96&d=mm&r=g","height":96,"width":96}},"publisher":{"@type":"Organization","name":"pratesi.cz","logo":{"@type":"ImageObject","@id":"\/logo.png","url":"\/logo.png","width":600,"height":60}},"image":{"@type":"ImageObject","@id":"https:\/\/www.pratesi.cz\/wp-content\/uploads\/firma5_10_10_2.jpg","url":"https:\/\/www.pratesi.cz\/wp-content\/uploads\/firma5_10_10_2.jpg","height":0,"width":0},"url":"https:\/\/www.pratesi.cz\/jde-prumysl-a-bytove-domy-vubec-dohromady\/","about":["Zbo\u017e\u00ed"],"wordCount":428,"articleBody":"       Lid\u00e9 k \u017eivotu pot\u0159ebuj\u00ed nejen bydlen\u00ed, ale tak\u00e9 pr\u00e1ci. S jej\u00ed pomoc\u00ed vyd\u011bl\u00e1vaj\u00ed pen\u00edze, za kter\u00e9 si mohou obstarat \u0159e\u010den\u00e9 bydlen\u00ed, ale tak\u00e9 j\u00eddlo a dal\u0161\u00ed nezbytnosti. P\u0159\u00edpadn\u011b si ob\u010das mohou dovolit i trochu luxusu. Zde je ov\u0161em ot\u00e1zka \u2013 jak lze zkombinovat pr\u016fmysl a bytov\u00e9 domy Altoma.cz? Proto\u017ee pr\u016fmysl d\u00e1v\u00e1 lidem pr\u00e1ci, a domy bydlen\u00ed. Jdou ale dohromady? V\u0161ichni v\u00edme, \u017ee bydlen\u00ed v pr\u016fmyslov\u00fdch oblastech nen\u00ed zrovna nejp\u0159\u00edjemn\u011bj\u0161\u00ed. Nejen\u017ee je zde podstatn\u011b v\u00edce zne\u010di\u0161t\u011bn\u00e9 ovzdu\u0161\u00ed, ale d\u00edky neust\u00e1l\u00e9mu provozu je tu i neust\u00e1vaj\u00edc\u00ed hluk, co\u017e rozhodn\u011b nep\u0159isp\u00edv\u00e1 kvalit\u011b sp\u00e1nku. Zd\u00e1lo by se tedy, \u017ee tyto dv\u011b v\u011bci nejdou p\u0159\u00edli\u0161 dohromady.\u0158e\u0161en\u00edm samoz\u0159ejm\u011b je, aby ob\u011b oblasti byly v jin\u00e9 \u010d\u00e1sti m\u011bsta \u2013 a mnohde vid\u00edme, \u017ee se to i d\u011bje, nebo\u0165 m\u011bsta jsou \u010dasto rozd\u011blena na obytn\u00e9 a pr\u016fmyslov\u00e9 z\u00f3ny. Ani to ov\u0161em nen\u00ed ide\u00e1ln\u00ed, nebo\u0165 to pak zam\u011bstnanci maj\u00ed do pr\u00e1ce mnohem d\u00e1le, co\u017e tak\u00e9 nen\u00ed dobr\u00e9. Tr\u00e1v\u00ed zbyte\u010dn\u011b \u010das na cest\u00e1ch, nehled\u011b na to, \u017ee na nich mohou nabrat zpo\u017ed\u011bn\u00ed. Samoz\u0159ejm\u011b se \u0159e\u0161\u00ed i tento probl\u00e9m. Mnoh\u00e9 provozy maj\u00ed ve sv\u00e9 bl\u00edzkosti ubytovny, co\u017e je n\u011bco, s \u010d\u00edm v podstat\u011b za\u010dal ji\u017e Henry Ford. Tak jsou zam\u011bstnanci v\u017edy v dosahu a nemaj\u00ed to do zam\u011bstn\u00e1n\u00ed daleko. To tak\u00e9 znamen\u00e1, \u017ee mohou d\u00e9le sp\u00e1t a doraz\u00ed tak do pr\u00e1ce \u010dilej\u0161\u00ed. Ov\u0161em kvalita t\u011bchto ubytoven neb\u00fdv\u00e1 v na\u0161ich zem\u00edch zrovna nejlep\u0161\u00ed. Zat\u00edmco Henry Ford stav\u011bl v podstat\u011b m\u011bste\u010dka, kdy ka\u017ed\u00e1 rodina zam\u011bstnance m\u011bla vlastn\u00ed d\u016fm (a pamatujme, \u017eeny tehdy obvykle do pr\u00e1ce nechodily, m\u00edsto toho se staraly o dom\u00e1cnost), u n\u00e1s m\u00e1me podstatn\u011b levn\u011bj\u0161\u00ed \u0159e\u0161en\u00ed \u2013 ka\u017ed\u00fd \u010dlov\u011bk m\u00e1 p\u0159id\u011blen jeden pokoj, v n\u011bkter\u00fdch p\u0159\u00edpadech jsou na pokoji i dva lid\u00e9. Samoz\u0159ejm\u011b, a\u010dkoliv toto \u0159e\u0161en\u00ed nen\u00ed ani zdaleka ide\u00e1ln\u00ed, je hojn\u011b vyu\u017e\u00edv\u00e1no. Je to p\u0159edev\u0161\u00edm proto, \u017ee ceny bydlen\u00ed jsou dnes skute\u010dn\u011b velk\u00e9, a naopak bydlen\u00ed na firemn\u00edch ubytovn\u00e1ch levn\u00e9. \u010casto je to tak jedin\u00e1 mo\u017enost, kterou tito lid\u00e9, zvl\u00e1\u0161t\u011b v d\u011blnick\u00fdch profes\u00edch, maj\u00ed.                                                                                                                                                                                                                                                                                                                                                                                          3.5\/5 - (8 votes)        "},{"@context":"https:\/\/schema.org\/","@type":"BreadcrumbList","itemListElement":[{"@type":"ListItem","position":1,"name":"Jde pr\u016fmysl a bytov\u00e9 domy v\u016fbec dohromady?","item":"https:\/\/www.pratesi.cz\/jde-prumysl-a-bytove-domy-vubec-dohromady\/#breadcrumbitem"}]}]