[{"@context":"https:\/\/schema.org\/","@type":"Article","@id":"https:\/\/www.pratesi.cz\/mit-dum-a-fotovoltaickou-elektrarnu-je-spravna-volba\/#Article","mainEntityOfPage":"https:\/\/www.pratesi.cz\/mit-dum-a-fotovoltaickou-elektrarnu-je-spravna-volba\/","headline":"M\u00edt d\u016fm a fotovoltaickou elektr\u00e1rnu je spr\u00e1vn\u00e1 volba","name":"M\u00edt d\u016fm a fotovoltaickou elektr\u00e1rnu je spr\u00e1vn\u00e1 volba","description":"V\u017edycky jsme si s m\u00fdm p\u0159\u00edtelem p\u0159\u00e1li m\u00edt sv\u016fj vlastn\u00ed dome\u010dek. To byl opravdu n\u00e1\u0161 sen, i kdy\u017e jsme se hned poprv\u00e9 potkali. Bylo to opravdu velice skv\u011bl\u00e9, proto\u017ee jsme se hned na sebe pod\u00edvali a hned jsme se do sebe zamilovali. P\u0159\u00e1li jsme si, abychom prost\u011b jednou spolu \u017eili, m\u011bli spolu d\u00edt\u011b a vedli kr\u00e1sn\u00fd a d\u016fstojn\u00fd \u017eivot. Opravdu jsme si tohle stra\u0161n\u011b p\u0159\u00e1li a v\u0161echno jsme si museli zrealizovat, proto\u017ee j\u00e1 jsem si stra\u0161n\u011b p\u0159\u00e1la, abychom bu\u010f n\u011bco koupili, nebo si ten d\u016fm postavili. Samoz\u0159ejm\u011b jsme se rozhodli, \u017ee si d\u016fm prost\u011b koup\u00edme, proto\u017ee pro n\u00e1s to bylo rychlej\u0161\u00ed, ne\u017e bychom museli n\u011bco stav\u011bt, a cht\u011bli jsme bydlet co nejd\u0159\u00edve, proto\u017ee j\u00e1 u\u017e jsem byla t\u011bhotn\u00e1. Bylo skv\u011bl\u00e9, \u017ee m\u016fj partner byl velice \u0161ikovn\u00fd, um\u011bl tak\u00e9 n\u011bco opravit, a opravdu jsem s n\u00edm byla stra\u0161n\u011b spokojen\u00e1, proto\u017ee mi ve v\u0161em stra\u0161n\u011b pom\u00e1hal a velice m\u011b podporoval. I to, \u017ee cht\u011bl, abychom prost\u011b byli ve sv\u00e9m vlastn\u00edm dome\u010dku, bylo pro n\u00e1s nejd\u016fle\u017eit\u011bj\u0161\u00ed, a hrozn\u011b m\u011b v tom podporoval a cht\u011bl \u00fapln\u011b to sam\u00e9 jako j\u00e1. Tak\u017ee jsme si koupili dome\u010dek, ale nev\u00fdhodou bylo, \u017ee tam nebyla fotovoltaick\u00e1 elektr\u00e1rna. Rozhodli jsme se zkontaktovat firmu, kter\u00e1 nab\u00edz\u00ed fotovoltaickou elektr\u00e1rnu v Brn\u011b https:\/\/www.joyce-energie.cz\/fotovoltaika-rodinny-dum\/ a rozhodli jsme se, \u017ee opravdu chceme na st\u0159echu nainstalovat sol\u00e1rn\u00ed panely, abychom u\u0161et\u0159ili. Pro na\u0161i rodinu je to velice vhodn\u00e9. Mysl\u00edm si, \u017ee brzy budou panely na st\u0159e\u0161e nainstalovan\u00e9. Rozhodn\u011b to pro n\u00e1s nejsou vyhozen\u00e9 pen\u00edze, proto\u017ee je to pro n\u00e1s velice d\u016fle\u017eit\u00e9, a hlavn\u011b chceme teplo a u\u0161et\u0159it, zejm\u00e9na kv\u016fli d\u00edt\u011bti. Pokud m\u00e1 n\u011bkdo strach, \u017ee zase budeme vyhazovat pen\u00edze, tak se nemus\u00ed b\u00e1t, proto\u017ee je to velice pot\u0159ebn\u00e1 a d\u016fle\u017eit\u00e1 v\u011bc. Pokud chcete m\u00edt doma teplo a u\u0161et\u0159it, je to skv\u011bl\u00e1 volba, nad \u010d\u00edm\u017e nen\u00ed co p\u0159em\u00fd\u0161let. \u010c\u00edm v\u00edce toho vymysl\u00edte, tak t\u00edm l\u00edp pro v\u00e1s. V\u017edycky je pot\u0159eba vymyslet v\u0161e tak, aby to stalo za to, a rozhodn\u011b fotovoltaika za to rozhodn\u011b stoj\u00ed. 4.3\/5 - (10 votes)","datePublished":"2024-08-06","dateModified":"2024-08-06","author":{"@type":"Person","@id":"https:\/\/www.pratesi.cz\/author\/devene\/#Person","name":"devene","url":"https:\/\/www.pratesi.cz\/author\/devene\/","identifier":1,"image":{"@type":"ImageObject","@id":"https:\/\/secure.gravatar.com\/avatar\/13dbcc20b7c05fcb5c4a6b0bee5a7107a0aae9238a83a4088a42d170780b2eca?s=96&d=mm&r=g","url":"https:\/\/secure.gravatar.com\/avatar\/13dbcc20b7c05fcb5c4a6b0bee5a7107a0aae9238a83a4088a42d170780b2eca?s=96&d=mm&r=g","height":96,"width":96}},"publisher":{"@type":"Organization","name":"pratesi.cz","logo":{"@type":"ImageObject","@id":"\/logo.png","url":"\/logo.png","width":600,"height":60}},"image":{"@type":"ImageObject","@id":"https:\/\/www.pratesi.cz\/wp-content\/uploads\/istockphoto-1536518148-612x612_7.jpg","url":"https:\/\/www.pratesi.cz\/wp-content\/uploads\/istockphoto-1536518148-612x612_7.jpg","height":0,"width":0},"url":"https:\/\/www.pratesi.cz\/mit-dum-a-fotovoltaickou-elektrarnu-je-spravna-volba\/","about":["Zbo\u017e\u00ed"],"wordCount":425,"articleBody":"   V\u017edycky jsme si s m\u00fdm p\u0159\u00edtelem p\u0159\u00e1li m\u00edt sv\u016fj vlastn\u00ed dome\u010dek. To byl opravdu n\u00e1\u0161 sen, i kdy\u017e jsme se hned poprv\u00e9 potkali. Bylo to opravdu velice skv\u011bl\u00e9, proto\u017ee jsme se hned na sebe pod\u00edvali a hned jsme se do sebe zamilovali. P\u0159\u00e1li jsme si, abychom prost\u011b jednou spolu \u017eili, m\u011bli spolu d\u00edt\u011b a vedli kr\u00e1sn\u00fd a d\u016fstojn\u00fd \u017eivot. Opravdu jsme si tohle stra\u0161n\u011b p\u0159\u00e1li a v\u0161echno jsme si museli zrealizovat, proto\u017ee j\u00e1 jsem si stra\u0161n\u011b p\u0159\u00e1la, abychom bu\u010f n\u011bco koupili, nebo si ten d\u016fm postavili. Samoz\u0159ejm\u011b jsme se rozhodli, \u017ee si d\u016fm prost\u011b koup\u00edme, proto\u017ee pro n\u00e1s to bylo rychlej\u0161\u00ed, ne\u017e bychom museli n\u011bco stav\u011bt, a cht\u011bli jsme bydlet co nejd\u0159\u00edve, proto\u017ee j\u00e1 u\u017e jsem byla t\u011bhotn\u00e1. Bylo skv\u011bl\u00e9, \u017ee m\u016fj partner byl velice \u0161ikovn\u00fd, um\u011bl tak\u00e9 n\u011bco opravit, a opravdu jsem s n\u00edm byla stra\u0161n\u011b spokojen\u00e1, proto\u017ee mi ve v\u0161em stra\u0161n\u011b pom\u00e1hal a velice m\u011b podporoval. I to, \u017ee cht\u011bl, abychom prost\u011b byli ve sv\u00e9m vlastn\u00edm dome\u010dku, bylo pro n\u00e1s nejd\u016fle\u017eit\u011bj\u0161\u00ed, a hrozn\u011b m\u011b v tom podporoval a cht\u011bl \u00fapln\u011b to sam\u00e9 jako j\u00e1. Tak\u017ee jsme si koupili dome\u010dek, ale nev\u00fdhodou bylo, \u017ee tam nebyla fotovoltaick\u00e1 elektr\u00e1rna. Rozhodli jsme se zkontaktovat firmu, kter\u00e1 nab\u00edz\u00ed fotovoltaickou elektr\u00e1rnu v Brn\u011b https:\/\/www.joyce-energie.cz\/fotovoltaika-rodinny-dum\/ a rozhodli jsme se, \u017ee opravdu chceme na st\u0159echu nainstalovat sol\u00e1rn\u00ed panely, abychom u\u0161et\u0159ili. Pro na\u0161i rodinu je to velice vhodn\u00e9. Mysl\u00edm si, \u017ee brzy budou panely na st\u0159e\u0161e nainstalovan\u00e9. Rozhodn\u011b to pro n\u00e1s nejsou vyhozen\u00e9 pen\u00edze, proto\u017ee je to pro n\u00e1s velice d\u016fle\u017eit\u00e9, a hlavn\u011b chceme teplo a u\u0161et\u0159it, zejm\u00e9na kv\u016fli d\u00edt\u011bti. Pokud m\u00e1 n\u011bkdo strach, \u017ee zase budeme vyhazovat pen\u00edze, tak se nemus\u00ed b\u00e1t, proto\u017ee je to velice pot\u0159ebn\u00e1 a d\u016fle\u017eit\u00e1 v\u011bc. Pokud chcete m\u00edt doma teplo a u\u0161et\u0159it, je to skv\u011bl\u00e1 volba, nad \u010d\u00edm\u017e nen\u00ed co p\u0159em\u00fd\u0161let. \u010c\u00edm v\u00edce toho vymysl\u00edte, tak t\u00edm l\u00edp pro v\u00e1s. V\u017edycky je pot\u0159eba vymyslet v\u0161e tak, aby to stalo za to, a rozhodn\u011b fotovoltaika za to rozhodn\u011b stoj\u00ed.                                                                                                                                                                                                                                                                                                                                                                                           4.3\/5 - (10 votes)        "},{"@context":"https:\/\/schema.org\/","@type":"BreadcrumbList","itemListElement":[{"@type":"ListItem","position":1,"name":"M\u00edt d\u016fm a fotovoltaickou elektr\u00e1rnu je spr\u00e1vn\u00e1 volba","item":"https:\/\/www.pratesi.cz\/mit-dum-a-fotovoltaickou-elektrarnu-je-spravna-volba\/#breadcrumbitem"}]}]