[{"@context":"https:\/\/schema.org\/","@type":"Article","@id":"https:\/\/www.pratesi.cz\/pod-letni-prikryvkou-vam-nesmi-byt-horko\/#Article","mainEntityOfPage":"https:\/\/www.pratesi.cz\/pod-letni-prikryvkou-vam-nesmi-byt-horko\/","headline":"Pod letn\u00ed p\u0159ikr\u00fdvkou v\u00e1m nesm\u00ed b\u00fdt horko","name":"Pod letn\u00ed p\u0159ikr\u00fdvkou v\u00e1m nesm\u00ed b\u00fdt horko","description":"Zn\u00e1te tu poh\u00e1dku brat\u0159\u00ed Grimm\u016f, s n\u00e1zvem \u201ePrincezna na hr\u00e1\u0161ku\u201c? Cel\u00e1 pointa spo\u010d\u00edv\u00e1 v tom prok\u00e1zat, zda jist\u00e1 d\u00edvka, kter\u00e1 o sob\u011b tvrd\u00ed, \u017ee je princeznou, mluv\u00ed pravdu. Ne\u0161lo ov\u0161em o \u017e\u00e1dn\u00e9 ob\u010dansk\u00e9 pr\u016fkazy nebo cestovn\u00ed pasy, prokazov\u00e1n\u00ed m\u011blo prob\u011bhnout skryt\u011b prost\u0159ednictv\u00edm tvrd\u00e9ho zrnka hrachu na velmi m\u011bkk\u00e9m l\u016f\u017eku, kde d\u00edvka spala. Pokud j\u00ed hr\u00e1\u0161ek nedovolil po\u0159\u00e1dn\u011b usnout d\u00edky jej\u00ed p\u0159ecitliv\u011blosti na m\u011bkk\u00e9 povrchy, m\u011blo j\u00edt o princeznu, proto\u017ee b\u011b\u017en\u00ed venkovan\u00e9 byli zvykl\u00ed na tvrd\u00e9 slam\u011bn\u00e9 matrace, a ti by jedno zrnko hrachu pod sebou ani nezaznamenali. Sou\u010dasn\u00e1 z\u00e1padn\u00ed civilizace je sv\u00fdm zp\u016fsobem tak\u00e9 onou princeznou brat\u0159\u00ed Grimm\u016f, nejsme zvykl\u00ed sp\u00e1t na slamn\u00edc\u00edch a ne\u010douh\u00e1 n\u00e1m sl\u00e1ma z bot, sp\u00edme v\u011bt\u0161inou na zdravotn\u00edch matrac\u00edch a vyu\u017e\u00edv\u00e1me i modern\u00ed matrace z ultra m\u011bkk\u00e9 pam\u011b\u0165ov\u00e9 p\u011bny. Na \u010dem v\u0161ak z\u00e1le\u017e\u00ed stejnou m\u011brou, abychom nedopadli jako d\u00edvka v t\u00e9 poh\u00e1dce, je kvalita p\u0159ikr\u00fdvky. Letn\u00ed p\u0159ikr\u00fdvka 140 x 200 levnaprosteradla.cz je ide\u00e1ln\u00ed pro jednotlivce, kte\u0159\u00ed si potrp\u00ed na komfort, a nevysta\u010d\u00ed s b\u011b\u017en\u00fdmi pro\u0161\u00edvan\u00fdmi dekami. Pro\u010d letn\u00ed \u2013 p\u0159ikr\u00fdvka m\u00e1 slou\u017eit k tomu, aby fungovala jako tepeln\u00fd izolant, kter\u00fd udr\u017euje t\u011blesnou teplotu na stabiln\u00ed hodnot\u011b. Z\u00e1rove\u0148 bychom se pod p\u0159ikr\u00fdvkou m\u011bli c\u00edtit p\u0159\u00edjemn\u011b, abychom se nebudili, a to znamen\u00e1 odli\u0161n\u00e9 po\u017eadavky pro span\u00ed v zim\u011b a v l\u00e9t\u011b. V zim\u011b je ide\u00e1ln\u00ed ponechat m\u00edstnost pro span\u00ed chladn\u011bj\u0161\u00ed, s teplotou vzduchu kolem 18 stup\u0148\u016f Celsia a v l\u00e9t\u011b o n\u011bco vy\u0161\u0161\u00ed, ide\u00e1ln\u011b kolem 21 stup\u0148\u016f. Ne v\u017edy se to v\u0161ak v l\u00e9t\u011b poda\u0159\u00ed, ka\u017ed\u00fd nem\u00e1 klimatizaci a n\u011bkdy teploty v noci p\u0159ekro\u010d\u00ed 25 stup\u0148\u016f a to je d\u016fvod, pro\u010d v tomto ro\u010dn\u00edm obdob\u00ed zimn\u00ed tepl\u00e9 p\u0159ikr\u00fdvky odlo\u017eit a nahradit je letn\u00edmi. P\u0159ikr\u00fdvka by m\u011bla b\u00fdt z\u00e1rove\u0148 dostate\u010dn\u011b \u0161irok\u00e1 a dlouh\u00e1, abychom se p\u0159i ot\u00e1\u010den\u00ed na l\u016f\u017eku neodkop\u00e1vali a nebudil n\u00e1s chladn\u011bj\u0161\u00ed vzduch na obna\u017een\u00e9 \u010d\u00e1sti t\u011bla, zejm\u00e9na na odkryt\u00e1 z\u00e1da, b\u0159icho a chodidla. 4.3\/5 - (12 votes)","datePublished":"2022-07-11","dateModified":"2023-05-31","author":{"@type":"Person","@id":"https:\/\/www.pratesi.cz\/author\/devene\/#Person","name":"devene","url":"https:\/\/www.pratesi.cz\/author\/devene\/","identifier":1,"image":{"@type":"ImageObject","@id":"https:\/\/secure.gravatar.com\/avatar\/13dbcc20b7c05fcb5c4a6b0bee5a7107a0aae9238a83a4088a42d170780b2eca?s=96&d=mm&r=g","url":"https:\/\/secure.gravatar.com\/avatar\/13dbcc20b7c05fcb5c4a6b0bee5a7107a0aae9238a83a4088a42d170780b2eca?s=96&d=mm&r=g","height":96,"width":96}},"publisher":{"@type":"Organization","name":"pratesi.cz","logo":{"@type":"ImageObject","@id":"\/logo.png","url":"\/logo.png","width":600,"height":60}},"image":{"@type":"ImageObject","@id":"https:\/\/www.pratesi.cz\/wp-content\/uploads\/pexels-vlada-karpovich-5357328.jpg","url":"https:\/\/www.pratesi.cz\/wp-content\/uploads\/pexels-vlada-karpovich-5357328.jpg","height":0,"width":0},"url":"https:\/\/www.pratesi.cz\/pod-letni-prikryvkou-vam-nesmi-byt-horko\/","about":["Zbo\u017e\u00ed"],"wordCount":411,"articleBody":"Zn\u00e1te tu poh\u00e1dku brat\u0159\u00ed Grimm\u016f, s n\u00e1zvem \u201ePrincezna na hr\u00e1\u0161ku\u201c? Cel\u00e1 pointa spo\u010d\u00edv\u00e1 v tom prok\u00e1zat, zda jist\u00e1 d\u00edvka, kter\u00e1 o sob\u011b tvrd\u00ed, \u017ee je princeznou, mluv\u00ed pravdu. Ne\u0161lo ov\u0161em o \u017e\u00e1dn\u00e9 ob\u010dansk\u00e9 pr\u016fkazy nebo cestovn\u00ed pasy, prokazov\u00e1n\u00ed m\u011blo prob\u011bhnout skryt\u011b prost\u0159ednictv\u00edm tvrd\u00e9ho zrnka hrachu na velmi m\u011bkk\u00e9m l\u016f\u017eku, kde d\u00edvka spala. Pokud j\u00ed hr\u00e1\u0161ek nedovolil po\u0159\u00e1dn\u011b usnout d\u00edky jej\u00ed p\u0159ecitliv\u011blosti na m\u011bkk\u00e9 povrchy, m\u011blo j\u00edt o princeznu, proto\u017ee b\u011b\u017en\u00ed venkovan\u00e9 byli zvykl\u00ed na tvrd\u00e9 slam\u011bn\u00e9 matrace, a ti by jedno zrnko hrachu pod sebou ani nezaznamenali.Sou\u010dasn\u00e1 z\u00e1padn\u00ed civilizace je sv\u00fdm zp\u016fsobem tak\u00e9 onou princeznou brat\u0159\u00ed Grimm\u016f, nejsme zvykl\u00ed sp\u00e1t na slamn\u00edc\u00edch a ne\u010douh\u00e1 n\u00e1m sl\u00e1ma z bot, sp\u00edme v\u011bt\u0161inou na zdravotn\u00edch matrac\u00edch a vyu\u017e\u00edv\u00e1me i modern\u00ed matrace z ultra m\u011bkk\u00e9 pam\u011b\u0165ov\u00e9 p\u011bny. Na \u010dem v\u0161ak z\u00e1le\u017e\u00ed stejnou m\u011brou, abychom nedopadli jako d\u00edvka v t\u00e9 poh\u00e1dce, je kvalita p\u0159ikr\u00fdvky.Letn\u00ed p\u0159ikr\u00fdvka 140 x 200 levnaprosteradla.cz je ide\u00e1ln\u00ed pro jednotlivce, kte\u0159\u00ed si potrp\u00ed na komfort, a nevysta\u010d\u00ed s b\u011b\u017en\u00fdmi pro\u0161\u00edvan\u00fdmi dekami.Pro\u010d letn\u00ed \u2013 p\u0159ikr\u00fdvka m\u00e1 slou\u017eit k tomu, aby fungovala jako tepeln\u00fd izolant, kter\u00fd udr\u017euje t\u011blesnou teplotu na stabiln\u00ed hodnot\u011b. Z\u00e1rove\u0148 bychom se pod p\u0159ikr\u00fdvkou m\u011bli c\u00edtit p\u0159\u00edjemn\u011b, abychom se nebudili, a to znamen\u00e1 odli\u0161n\u00e9 po\u017eadavky pro span\u00ed v zim\u011b a v l\u00e9t\u011b. V zim\u011b je ide\u00e1ln\u00ed ponechat m\u00edstnost pro span\u00ed chladn\u011bj\u0161\u00ed, s teplotou vzduchu kolem 18 stup\u0148\u016f Celsia a v l\u00e9t\u011b o n\u011bco vy\u0161\u0161\u00ed, ide\u00e1ln\u011b kolem 21 stup\u0148\u016f. Ne v\u017edy se to v\u0161ak v l\u00e9t\u011b poda\u0159\u00ed, ka\u017ed\u00fd nem\u00e1 klimatizaci a n\u011bkdy teploty v noci p\u0159ekro\u010d\u00ed 25 stup\u0148\u016f a to je d\u016fvod, pro\u010d v tomto ro\u010dn\u00edm obdob\u00ed zimn\u00ed tepl\u00e9 p\u0159ikr\u00fdvky odlo\u017eit a nahradit je letn\u00edmi.P\u0159ikr\u00fdvka by m\u011bla b\u00fdt z\u00e1rove\u0148 dostate\u010dn\u011b \u0161irok\u00e1 a dlouh\u00e1, abychom se p\u0159i ot\u00e1\u010den\u00ed na l\u016f\u017eku neodkop\u00e1vali a nebudil n\u00e1s chladn\u011bj\u0161\u00ed vzduch na obna\u017een\u00e9 \u010d\u00e1sti t\u011bla, zejm\u00e9na na odkryt\u00e1 z\u00e1da, b\u0159icho a chodidla.                                                                                                                                                                                                                                                                                                                                                                                         4.3\/5 - (12 votes)        "},{"@context":"https:\/\/schema.org\/","@type":"BreadcrumbList","itemListElement":[{"@type":"ListItem","position":1,"name":"Pod letn\u00ed p\u0159ikr\u00fdvkou v\u00e1m nesm\u00ed b\u00fdt horko","item":"https:\/\/www.pratesi.cz\/pod-letni-prikryvkou-vam-nesmi-byt-horko\/#breadcrumbitem"}]}]