{"@context":"https:\/\/schema.org\/","@type":"CollectionPage","@id":"https:\/\/www.pratesi.cz\/spolecnosti\/#CollectionPage","headline":"Spole\u010dnosti Category","description":"","url":"https:\/\/www.pratesi.cz\/spolecnosti\/","hasPart":[{"@type":"Article","@id":"https:\/\/www.pratesi.cz\/ucetnictvi-umi-potrapit\/","headline":"\u00da\u010detnictv\u00ed um\u00ed potr\u00e1pit","url":"https:\/\/www.pratesi.cz\/ucetnictvi-umi-potrapit\/","datePublished":"2021-12-31","dateModified":"2023-05-31","mainEntityOfPage":"https:\/\/www.pratesi.cz\/ucetnictvi-umi-potrapit\/","author":{"@type":"Person","@id":"https:\/\/www.pratesi.cz\/author\/devene\/#Person","name":"devene","url":"https:\/\/www.pratesi.cz\/author\/devene\/","identifier":1,"image":{"@type":"ImageObject","@id":"https:\/\/secure.gravatar.com\/avatar\/13dbcc20b7c05fcb5c4a6b0bee5a7107a0aae9238a83a4088a42d170780b2eca?s=96&d=mm&r=g","url":"https:\/\/secure.gravatar.com\/avatar\/13dbcc20b7c05fcb5c4a6b0bee5a7107a0aae9238a83a4088a42d170780b2eca?s=96&d=mm&r=g","height":96,"width":96}},"publisher":{"@type":"Organization","name":"pratesi.cz","logo":{"@type":"ImageObject","@id":"\/logo.png","url":"\/logo.png","width":600,"height":60}},"image":{"@type":"ImageObject","@id":"https:\/\/www.pratesi.cz\/wp-content\/uploads\/stapler-1016310_960_720.jpg","url":"https:\/\/www.pratesi.cz\/wp-content\/uploads\/stapler-1016310_960_720.jpg","height":0,"width":0},"keywords":null},{"@type":"Article","@id":"https:\/\/www.pratesi.cz\/co-vse-bychom-meli-najit-na-webovych-strankach\/","headline":"Co v\u0161e bychom m\u011bli naj\u00edt na webov\u00fdch str\u00e1nk\u00e1ch","url":"https:\/\/www.pratesi.cz\/co-vse-bychom-meli-najit-na-webovych-strankach\/","datePublished":"2020-12-04","dateModified":"2023-05-31","mainEntityOfPage":"https:\/\/www.pratesi.cz\/co-vse-bychom-meli-najit-na-webovych-strankach\/","author":{"@type":"Person","@id":"https:\/\/www.pratesi.cz\/author\/devene\/#Person","name":"devene","url":"https:\/\/www.pratesi.cz\/author\/devene\/","identifier":1,"image":{"@type":"ImageObject","@id":"https:\/\/secure.gravatar.com\/avatar\/13dbcc20b7c05fcb5c4a6b0bee5a7107a0aae9238a83a4088a42d170780b2eca?s=96&d=mm&r=g","url":"https:\/\/secure.gravatar.com\/avatar\/13dbcc20b7c05fcb5c4a6b0bee5a7107a0aae9238a83a4088a42d170780b2eca?s=96&d=mm&r=g","height":96,"width":96}},"publisher":{"@type":"Organization","name":"pratesi.cz","logo":{"@type":"ImageObject","@id":"\/logo.png","url":"\/logo.png","width":600,"height":60}},"image":{"@type":"ImageObject","@id":"https:\/\/www.pratesi.cz\/wp-content\/uploads\/mu%C5%BE%20analyzuj%C3%ADc%C3%AD%20graf%20na%20po%C4%8D%C3%ADta%C4%8Di_HmCQZ2.jpg","url":"https:\/\/www.pratesi.cz\/wp-content\/uploads\/mu%C5%BE%20analyzuj%C3%ADc%C3%AD%20graf%20na%20po%C4%8D%C3%ADta%C4%8Di_HmCQZ2.jpg","height":0,"width":0},"keywords":null},{"@type":"Article","@id":"https:\/\/www.pratesi.cz\/uspesny-design-webu\/","headline":"\u00dasp\u011b\u0161n\u00fd design webu","url":"https:\/\/www.pratesi.cz\/uspesny-design-webu\/","datePublished":"2020-10-23","dateModified":"2023-05-31","mainEntityOfPage":"https:\/\/www.pratesi.cz\/uspesny-design-webu\/","author":{"@type":"Person","@id":"https:\/\/www.pratesi.cz\/author\/devene\/#Person","name":"devene","url":"https:\/\/www.pratesi.cz\/author\/devene\/","identifier":1,"image":{"@type":"ImageObject","@id":"https:\/\/secure.gravatar.com\/avatar\/13dbcc20b7c05fcb5c4a6b0bee5a7107a0aae9238a83a4088a42d170780b2eca?s=96&d=mm&r=g","url":"https:\/\/secure.gravatar.com\/avatar\/13dbcc20b7c05fcb5c4a6b0bee5a7107a0aae9238a83a4088a42d170780b2eca?s=96&d=mm&r=g","height":96,"width":96}},"publisher":{"@type":"Organization","name":"pratesi.cz","logo":{"@type":"ImageObject","@id":"\/logo.png","url":"\/logo.png","width":600,"height":60}},"image":{"@type":"ImageObject","@id":"https:\/\/www.pratesi.cz\/wp-content\/uploads\/design%20webu.png","url":"https:\/\/www.pratesi.cz\/wp-content\/uploads\/design%20webu.png","height":0,"width":0},"keywords":null},{"@type":"Article","@id":"https:\/\/www.pratesi.cz\/ubytovani-valtice-nedaleko-barokniho-zameckeho-arealu\/","headline":"Ubytov\u00e1n\u00ed Valtice nedaleko barokn\u00edho z\u00e1meck\u00e9ho are\u00e1lu","url":"https:\/\/www.pratesi.cz\/ubytovani-valtice-nedaleko-barokniho-zameckeho-arealu\/","datePublished":"2020-05-15","dateModified":"2024-04-08","mainEntityOfPage":"https:\/\/www.pratesi.cz\/ubytovani-valtice-nedaleko-barokniho-zameckeho-arealu\/","author":{"@type":"Person","@id":"https:\/\/www.pratesi.cz\/author\/devene\/#Person","name":"devene","url":"https:\/\/www.pratesi.cz\/author\/devene\/","identifier":1,"image":{"@type":"ImageObject","@id":"https:\/\/secure.gravatar.com\/avatar\/13dbcc20b7c05fcb5c4a6b0bee5a7107a0aae9238a83a4088a42d170780b2eca?s=96&d=mm&r=g","url":"https:\/\/secure.gravatar.com\/avatar\/13dbcc20b7c05fcb5c4a6b0bee5a7107a0aae9238a83a4088a42d170780b2eca?s=96&d=mm&r=g","height":96,"width":96}},"publisher":{"@type":"Organization","name":"pratesi.cz","logo":{"@type":"ImageObject","@id":"\/logo.png","url":"\/logo.png","width":600,"height":60}},"image":{"@type":"ImageObject","@id":"https:\/\/www.pratesi.cz\/wp-content\/uploads\/Mikulovsk%C3%BD%20z%C3%A1mek.jpg","url":"https:\/\/www.pratesi.cz\/wp-content\/uploads\/Mikulovsk%C3%BD%20z%C3%A1mek.jpg","height":0,"width":0},"keywords":null},{"@type":"Article","@id":"https:\/\/www.pratesi.cz\/co-je-to-thc-tetrahydrokanabinol\/","headline":"Co je to THC (Tetrahydrokanabinol)?","url":"https:\/\/www.pratesi.cz\/co-je-to-thc-tetrahydrokanabinol\/","datePublished":"2020-04-11","dateModified":"2023-05-31","mainEntityOfPage":"https:\/\/www.pratesi.cz\/co-je-to-thc-tetrahydrokanabinol\/","author":{"@type":"Person","@id":"https:\/\/www.pratesi.cz\/author\/devene\/#Person","name":"devene","url":"https:\/\/www.pratesi.cz\/author\/devene\/","identifier":1,"image":{"@type":"ImageObject","@id":"https:\/\/secure.gravatar.com\/avatar\/13dbcc20b7c05fcb5c4a6b0bee5a7107a0aae9238a83a4088a42d170780b2eca?s=96&d=mm&r=g","url":"https:\/\/secure.gravatar.com\/avatar\/13dbcc20b7c05fcb5c4a6b0bee5a7107a0aae9238a83a4088a42d170780b2eca?s=96&d=mm&r=g","height":96,"width":96}},"publisher":{"@type":"Organization","name":"pratesi.cz","logo":{"@type":"ImageObject","@id":"\/logo.png","url":"\/logo.png","width":600,"height":60}},"image":{"@type":"ImageObject","@id":"https:\/\/www.pratesi.cz\/wp-content\/uploads\/img_a376542_w4215_t1588065493.jpg","url":"https:\/\/www.pratesi.cz\/wp-content\/uploads\/img_a376542_w4215_t1588065493.jpg","height":0,"width":0},"keywords":null},{"@type":"Article","@id":"https:\/\/www.pratesi.cz\/jak-hlidat-vozidla\/","headline":"Jak hl\u00eddat vozidla?","url":"https:\/\/www.pratesi.cz\/jak-hlidat-vozidla\/","datePublished":"2020-02-26","dateModified":"2023-09-08","mainEntityOfPage":"https:\/\/www.pratesi.cz\/jak-hlidat-vozidla\/","author":{"@type":"Person","@id":"https:\/\/www.pratesi.cz\/author\/devene\/#Person","name":"devene","url":"https:\/\/www.pratesi.cz\/author\/devene\/","identifier":1,"image":{"@type":"ImageObject","@id":"https:\/\/secure.gravatar.com\/avatar\/13dbcc20b7c05fcb5c4a6b0bee5a7107a0aae9238a83a4088a42d170780b2eca?s=96&d=mm&r=g","url":"https:\/\/secure.gravatar.com\/avatar\/13dbcc20b7c05fcb5c4a6b0bee5a7107a0aae9238a83a4088a42d170780b2eca?s=96&d=mm&r=g","height":96,"width":96}},"publisher":{"@type":"Organization","name":"pratesi.cz","logo":{"@type":"ImageObject","@id":"\/logo.png","url":"\/logo.png","width":600,"height":60}},"image":{"@type":"ImageObject","@id":"https:\/\/www.pratesi.cz\/wp-content\/uploads\/img_a375861_w4215_t1587459466.jpg","url":"https:\/\/www.pratesi.cz\/wp-content\/uploads\/img_a375861_w4215_t1587459466.jpg","height":0,"width":0},"keywords":null},{"@type":"Article","@id":"https:\/\/www.pratesi.cz\/drive-deti-sbiraly-cecka-dnes-ecka\/","headline":"D\u0159\u00edve d\u011bti sb\u00edraly C\u00e9\u010dka, dnes \u00c9\u010dka","url":"https:\/\/www.pratesi.cz\/drive-deti-sbiraly-cecka-dnes-ecka\/","datePublished":"2019-12-13","dateModified":"2023-05-31","mainEntityOfPage":"https:\/\/www.pratesi.cz\/drive-deti-sbiraly-cecka-dnes-ecka\/","author":{"@type":"Person","@id":"https:\/\/www.pratesi.cz\/author\/devene\/#Person","name":"devene","url":"https:\/\/www.pratesi.cz\/author\/devene\/","identifier":1,"image":{"@type":"ImageObject","@id":"https:\/\/secure.gravatar.com\/avatar\/13dbcc20b7c05fcb5c4a6b0bee5a7107a0aae9238a83a4088a42d170780b2eca?s=96&d=mm&r=g","url":"https:\/\/secure.gravatar.com\/avatar\/13dbcc20b7c05fcb5c4a6b0bee5a7107a0aae9238a83a4088a42d170780b2eca?s=96&d=mm&r=g","height":96,"width":96}},"publisher":{"@type":"Organization","name":"pratesi.cz","logo":{"@type":"ImageObject","@id":"\/logo.png","url":"\/logo.png","width":600,"height":60}},"image":{"@type":"ImageObject","@id":"https:\/\/www.pratesi.cz\/wp-content\/uploads\/img_a363897_w4215_t1576598000.jpg","url":"https:\/\/www.pratesi.cz\/wp-content\/uploads\/img_a363897_w4215_t1576598000.jpg","height":0,"width":0},"keywords":null},{"@type":"Article","@id":"https:\/\/www.pratesi.cz\/usporadejte-si-kancelar-podle-feng-shui\/","headline":"Uspo\u0159\u00e1dejte si kancel\u00e1\u0159 podle Feng Shui","url":"https:\/\/www.pratesi.cz\/usporadejte-si-kancelar-podle-feng-shui\/","datePublished":"2019-08-12","dateModified":"2023-05-31","mainEntityOfPage":"https:\/\/www.pratesi.cz\/usporadejte-si-kancelar-podle-feng-shui\/","author":{"@type":"Person","@id":"https:\/\/www.pratesi.cz\/author\/devene\/#Person","name":"devene","url":"https:\/\/www.pratesi.cz\/author\/devene\/","identifier":1,"image":{"@type":"ImageObject","@id":"https:\/\/secure.gravatar.com\/avatar\/13dbcc20b7c05fcb5c4a6b0bee5a7107a0aae9238a83a4088a42d170780b2eca?s=96&d=mm&r=g","url":"https:\/\/secure.gravatar.com\/avatar\/13dbcc20b7c05fcb5c4a6b0bee5a7107a0aae9238a83a4088a42d170780b2eca?s=96&d=mm&r=g","height":96,"width":96}},"publisher":{"@type":"Organization","name":"pratesi.cz","logo":{"@type":"ImageObject","@id":"\/logo.png","url":"\/logo.png","width":600,"height":60}},"image":{"@type":"ImageObject","@id":"https:\/\/www.pratesi.cz\/wp-content\/uploads\/img_a351684_w2732_t1566140608.jpg","url":"https:\/\/www.pratesi.cz\/wp-content\/uploads\/img_a351684_w2732_t1566140608.jpg","height":0,"width":0},"keywords":null},{"@type":"Article","@id":"https:\/\/www.pratesi.cz\/coz-takhle-byt-lazebnikem\/","headline":"Co\u017e takhle b\u00fdt lazebn\u00edkem?","url":"https:\/\/www.pratesi.cz\/coz-takhle-byt-lazebnikem\/","datePublished":"2018-12-27","dateModified":"2023-05-31","mainEntityOfPage":"https:\/\/www.pratesi.cz\/coz-takhle-byt-lazebnikem\/","author":{"@type":"Person","@id":"https:\/\/www.pratesi.cz\/author\/devene\/#Person","name":"devene","url":"https:\/\/www.pratesi.cz\/author\/devene\/","identifier":1,"image":{"@type":"ImageObject","@id":"https:\/\/secure.gravatar.com\/avatar\/13dbcc20b7c05fcb5c4a6b0bee5a7107a0aae9238a83a4088a42d170780b2eca?s=96&d=mm&r=g","url":"https:\/\/secure.gravatar.com\/avatar\/13dbcc20b7c05fcb5c4a6b0bee5a7107a0aae9238a83a4088a42d170780b2eca?s=96&d=mm&r=g","height":96,"width":96}},"publisher":{"@type":"Organization","name":"pratesi.cz","logo":{"@type":"ImageObject","@id":"\/logo.png","url":"\/logo.png","width":600,"height":60}},"image":{"@type":"ImageObject","@id":"https:\/\/www.pratesi.cz\/wp-content\/uploads\/img_a331389_w2312_t1543745153.jpg","url":"https:\/\/www.pratesi.cz\/wp-content\/uploads\/img_a331389_w2312_t1543745153.jpg","height":0,"width":0},"keywords":null}]}