[{"@context":"https:\/\/schema.org\/","@type":"Article","@id":"https:\/\/www.pratesi.cz\/zena-do-kocaru-i-do-vozu\/#Article","mainEntityOfPage":"https:\/\/www.pratesi.cz\/zena-do-kocaru-i-do-vozu\/","headline":"\u017dena do ko\u010d\u00e1ru i do vozu","name":"\u017dena do ko\u010d\u00e1ru i do vozu","description":"Role \u017eeny odjak\u017eiva p\u0159in\u00e1\u0161\u00ed i n\u011bjakou zodpov\u011bdnost a dovednosti. Ka\u017ed\u00e1 \u017eena je od mali\u010dka vedena svou matkou k tomu, aby se nau\u010dila z\u00e1kladn\u00edm v\u011bcem, se kter\u00fdmi se v \u017eivot\u011b setk\u00e1 a bude je za ka\u017edou cenu pot\u0159ebovat. Spr\u00e1vn\u00e1 \u017eena by si m\u011bla poradit v ka\u017ed\u00e9 situaci, um\u011bt n\u011bkolik zru\u010dnost\u00ed a postarat se nejen o mu\u017ee, se kter\u00fdm hodl\u00e1 \u017e\u00edt, ale i o dom\u00e1cnost.&#13; &#13; &#13; \u017dehlit, pr\u00e1t a ukl\u00edzet &#13; Dom\u00e1c\u00ed pr\u00e1ce by nem\u011bli b\u00fdt \u017e\u00e1dn\u00e9 po\u0159\u00e1dn\u00e9 a schopn\u00e9 \u017een\u011b ciz\u00ed. Nau\u010dit se zach\u00e1zet se \u017eehli\u010dkou, obsluhovat pra\u010dku a t\u0159\u00eddit pr\u00e1dlo je ot\u00e1zka n\u011bkolika minut vysv\u011btlov\u00e1n\u00ed. Tak\u017ee nen\u00ed mo\u017en\u00e9, aby se n\u011bkter\u00e1 \u017eena vymlouvala, \u017ee to neum\u00ed. Ukl\u00edzen\u00ed je samostatn\u00e1 kapitola, kde je pot\u0159eba kl\u00e1st d\u016fraz na efekt, \u00fa\u010dinnost a \u010distotu cel\u00e9 dom\u00e1cnosti. Nen\u00ed to nic p\u0159\u00edjemn\u00e9ho, ale bohu\u017eel \u017eena, kter\u00e1 neukl\u00edz\u00ed je mezi mu\u017ei a tak\u00e9 mezi \u017eeny pokl\u00e1dan\u00e1 za fiflenu a princeznu, pro kterou je p\u0159irozen\u00e1 v\u011bc pod \u00farove\u0148.&#13; &#13; &#13; Kucha\u0159ka a cukr\u00e1\u0159ka? &#13; Ka\u017ed\u00fd mu\u017e si potrp\u00ed na n\u011bco jin\u00e9ho. Jedni holduj\u00ed dobr\u00e9mu masu, jin\u00fd d\u00e1vaj\u00ed p\u0159ednost sladk\u00fdm z\u00e1kusk\u016fm. \u017dena, kter\u00e1 je do ko\u010d\u00e1ru i do vozu, by m\u011bla um\u011bt oboj\u00ed! Nemus\u00edte sv\u00e9mu mu\u017ei p\u0159edv\u00e1d\u011bt kulin\u00e1\u0159sk\u00e9 z\u00e1\u017eitky a cukr\u00e1\u0159sk\u00e9 speciality, bohat\u011b posta\u010d\u00ed, \u017ee mu bude chutnat a ve\u0161ker\u00e9 j\u00eddlo ud\u011bl\u00e1te s l\u00e1skou a hlavn\u011b s chut\u00ed. \u0158\u00edk\u00e1 se, \u017ee l\u00e1ska proch\u00e1z\u00ed \u017ealudkem a v tomto p\u0159\u00edpad\u011b si m\u016f\u017eete mu\u017ee z\u00edskat t\u00edm, \u017ee mu uk\u00e1\u017eete to, jak v\u00e1m va\u0159en\u00ed a pe\u010den\u00ed ned\u011bl\u00e1 \u017e\u00e1dn\u00fd probl\u00e9m.&#13; &#13; &#13; \u201eVym\u00f3d\u011bn\u00e1\u201c versus upraven\u00e1 &#13; To, \u017ee m\u00e1te doma v\u0161echny nejnov\u011bj\u0161\u00ed m\u00f3dn\u00ed trendy, co se zrovna nos\u00ed je\u0161t\u011b nemus\u00ed b\u00fdt plusem. Va\u0161emu mu\u017ei je tento vesm\u00edr zcela ciz\u00ed a jen m\u00e1lokdy opravdu ocen\u00ed to, co m\u00e1te na sob\u011b. Pro n\u011bho to bude po\u0159\u00e1d tri\u010dko a kalhoty, nebo oby\u010dejn\u00e9 \u0161aty. Na co si ale v\u0161ichni mu\u017ei potrp\u00ed je p\u00e9\u010de o sv\u016fj vzhled. Proto od \u017eeny vy\u017eaduj\u00ed, aby byla \u010dist\u00e1 a alespo\u0148 upraven\u00e1. To nezna\u010d\u00ed, \u017ee obli\u010dej k nerozpozn\u00e1n\u00ed z tuny make-upu a sv\u00e1te\u010dn\u00ed oble\u010den\u00ed je to prav\u00e9 o\u0159echov\u00e9. Bu\u010fte p\u0159irozen\u00e1 a upraven\u00e1 tak, abyste nemuseli zakr\u00fdvat skvrny na va\u0161em oble\u010den\u00ed hned jak p\u0159ijde v\u00e1\u0161 mu\u017e dom\u016f z pr\u00e1ce a nest\u0159\u00edkali such\u00fd \u0161amp\u00f3n v\u017edy, kdy si vzpomenete, \u017ee va\u0161e vlasy dlouho nevid\u011bli vodu.&#13; 4.3\/5 - (14 votes)","datePublished":"2023-05-31","dateModified":"2023-05-31","author":{"@type":"Person","@id":"https:\/\/www.pratesi.cz\/author\/devene\/#Person","name":"devene","url":"https:\/\/www.pratesi.cz\/author\/devene\/","identifier":1,"image":{"@type":"ImageObject","@id":"https:\/\/secure.gravatar.com\/avatar\/13dbcc20b7c05fcb5c4a6b0bee5a7107a0aae9238a83a4088a42d170780b2eca?s=96&d=mm&r=g","url":"https:\/\/secure.gravatar.com\/avatar\/13dbcc20b7c05fcb5c4a6b0bee5a7107a0aae9238a83a4088a42d170780b2eca?s=96&d=mm&r=g","height":96,"width":96}},"publisher":{"@type":"Organization","name":"pratesi.cz","logo":{"@type":"ImageObject","@id":"\/logo.png","url":"\/logo.png","width":600,"height":60}},"image":{"@type":"ImageObject","@id":"https:\/\/www.pratesi.cz\/wp-content\/uploads\/img_a307381_w2404_t1518685006.jpg","url":"https:\/\/www.pratesi.cz\/wp-content\/uploads\/img_a307381_w2404_t1518685006.jpg","height":0,"width":0},"url":"https:\/\/www.pratesi.cz\/zena-do-kocaru-i-do-vozu\/","wordCount":488,"articleBody":"Role \u017eeny odjak\u017eiva p\u0159in\u00e1\u0161\u00ed i n\u011bjakou zodpov\u011bdnost a dovednosti. Ka\u017ed\u00e1 \u017eena je od mali\u010dka vedena svou matkou k tomu, aby se nau\u010dila z\u00e1kladn\u00edm v\u011bcem, se kter\u00fdmi se v \u017eivot\u011b setk\u00e1 a bude je za ka\u017edou cenu pot\u0159ebovat. Spr\u00e1vn\u00e1 \u017eena by si m\u011bla poradit v ka\u017ed\u00e9 situaci, um\u011bt n\u011bkolik zru\u010dnost\u00ed a postarat se nejen o mu\u017ee, se kter\u00fdm hodl\u00e1 \u017e\u00edt, ale i o dom\u00e1cnost.&#13; &#13; &#13; \u017dehlit, pr\u00e1t a ukl\u00edzet&#13; Dom\u00e1c\u00ed pr\u00e1ce by nem\u011bli b\u00fdt \u017e\u00e1dn\u00e9 po\u0159\u00e1dn\u00e9 a schopn\u00e9 \u017een\u011b ciz\u00ed. Nau\u010dit se zach\u00e1zet se \u017eehli\u010dkou, obsluhovat pra\u010dku a t\u0159\u00eddit pr\u00e1dlo je ot\u00e1zka n\u011bkolika minut vysv\u011btlov\u00e1n\u00ed. Tak\u017ee nen\u00ed mo\u017en\u00e9, aby se n\u011bkter\u00e1 \u017eena vymlouvala, \u017ee to neum\u00ed. Ukl\u00edzen\u00ed je samostatn\u00e1 kapitola, kde je pot\u0159eba kl\u00e1st d\u016fraz na efekt, \u00fa\u010dinnost a \u010distotu cel\u00e9 dom\u00e1cnosti. Nen\u00ed to nic p\u0159\u00edjemn\u00e9ho, ale bohu\u017eel \u017eena, kter\u00e1 neukl\u00edz\u00ed je mezi mu\u017ei a tak\u00e9 mezi \u017eeny pokl\u00e1dan\u00e1 za fiflenu a princeznu, pro kterou je p\u0159irozen\u00e1 v\u011bc pod \u00farove\u0148.&#13; &#13; &#13; Kucha\u0159ka a cukr\u00e1\u0159ka?&#13; Ka\u017ed\u00fd mu\u017e si potrp\u00ed na n\u011bco jin\u00e9ho. Jedni holduj\u00ed dobr\u00e9mu masu, jin\u00fd d\u00e1vaj\u00ed p\u0159ednost sladk\u00fdm z\u00e1kusk\u016fm. \u017dena, kter\u00e1 je do ko\u010d\u00e1ru i do vozu, by m\u011bla um\u011bt oboj\u00ed! Nemus\u00edte sv\u00e9mu mu\u017ei p\u0159edv\u00e1d\u011bt kulin\u00e1\u0159sk\u00e9 z\u00e1\u017eitky a cukr\u00e1\u0159sk\u00e9 speciality, bohat\u011b posta\u010d\u00ed, \u017ee mu bude chutnat a ve\u0161ker\u00e9 j\u00eddlo ud\u011bl\u00e1te s l\u00e1skou a hlavn\u011b s chut\u00ed. \u0158\u00edk\u00e1 se, \u017ee l\u00e1ska proch\u00e1z\u00ed \u017ealudkem a v tomto p\u0159\u00edpad\u011b si m\u016f\u017eete mu\u017ee z\u00edskat t\u00edm, \u017ee mu uk\u00e1\u017eete to, jak v\u00e1m va\u0159en\u00ed a pe\u010den\u00ed ned\u011bl\u00e1 \u017e\u00e1dn\u00fd probl\u00e9m.&#13; &#13; &#13; \u201eVym\u00f3d\u011bn\u00e1\u201c versus upraven\u00e1&#13; To, \u017ee m\u00e1te doma v\u0161echny nejnov\u011bj\u0161\u00ed m\u00f3dn\u00ed trendy, co se zrovna nos\u00ed je\u0161t\u011b nemus\u00ed b\u00fdt plusem. Va\u0161emu mu\u017ei je tento vesm\u00edr zcela ciz\u00ed a jen m\u00e1lokdy opravdu ocen\u00ed to, co m\u00e1te na sob\u011b. Pro n\u011bho to bude po\u0159\u00e1d tri\u010dko a kalhoty, nebo oby\u010dejn\u00e9 \u0161aty. Na co si ale v\u0161ichni mu\u017ei potrp\u00ed je p\u00e9\u010de o sv\u016fj vzhled. Proto od \u017eeny vy\u017eaduj\u00ed, aby byla \u010dist\u00e1 a alespo\u0148 upraven\u00e1. To nezna\u010d\u00ed, \u017ee obli\u010dej k nerozpozn\u00e1n\u00ed z tuny make-upu a sv\u00e1te\u010dn\u00ed oble\u010den\u00ed je to prav\u00e9 o\u0159echov\u00e9. Bu\u010fte p\u0159irozen\u00e1 a upraven\u00e1 tak, abyste nemuseli zakr\u00fdvat skvrny na va\u0161em oble\u010den\u00ed hned jak p\u0159ijde v\u00e1\u0161 mu\u017e dom\u016f z pr\u00e1ce a nest\u0159\u00edkali such\u00fd \u0161amp\u00f3n v\u017edy, kdy si vzpomenete, \u017ee va\u0161e vlasy dlouho nevid\u011bli vodu.&#13;                                                                                                                                                                                                                                                                                                                                                                                        4.3\/5 - (14 votes)        "},{"@context":"https:\/\/schema.org\/","@type":"BreadcrumbList","itemListElement":[{"@type":"ListItem","position":1,"name":"\u017dena do ko\u010d\u00e1ru i do vozu","item":"https:\/\/www.pratesi.cz\/zena-do-kocaru-i-do-vozu\/#breadcrumbitem"}]}]